{"id":1064,"date":"2025-05-15T11:21:27","date_gmt":"2025-05-15T11:21:27","guid":{"rendered":"https:\/\/comunicaccio.com\/?p=1064"},"modified":"2025-10-21T08:58:47","modified_gmt":"2025-10-21T08:58:47","slug":"la-hora-del-cafe-o-terapia-para-autonomos","status":"publish","type":"post","link":"https:\/\/comunicaccio.com\/es\/la-hora-del-cafe-o-terapia-para-autonomos\/","title":{"rendered":"\u00bfLa Hora del caf\u00e9 o Terapia para aut\u00f3nomos?"},"content":{"rendered":"<p>El pasado mes de mayo me hicieron una entrevista en R\u00e0dio Pineda para hablar de <strong>La Hora del caf\u00e9<\/strong>, el espacio semanal de Caf\u00e9-Networking para aut\u00f3nomos y emprendedores, que dinamizo a diferentes ayuntamientos y que tan buena acogida tiene entre los profesionales que participan.<\/p>\n<p>Y es que no solo son espacios para hacer Networking, establecer sinergias, encontrar colaboradores para nuestros negocios y empresas, y hacer red; sino que van un paso m\u00e1s all\u00e1 y son espacios de encuentro donde apoyar, recibir asesoramientos, resolver dudas y sentirse acompa\u00f1ado rompiendo la soledad de trabajar en solitario.<\/p>\n<p>Podr\u00eda haberles llamado \u201cTerapia para aut\u00f3nomos\u201d, pero me pareci\u00f3 que bautizarlos como \u201cLa Hora del caf\u00e9\u201d pod\u00eda ser m\u00e1s amable. Pero, no lo dudes, hacemos terapia y nos va de p&#8230; \u00a1madre!!!<\/p>\n<p>Te invito a escuchar la entrevista y a dejarte caer para alg\u00fan encuentro.<\/p>\n<h4>Entrevista<\/h4>\n<p><a href=\"https:\/\/enacast-audios.s3.us-east-005.backblazeb2.com\/recordedpodcasts\/radiopineda\/2025\/5\/20\/2025-5-20_ditifet_866174.cutted.mp3\" target=\"_blank\" rel=\"noopener\"><strong><span class=\"x19la9d6 x1fc57z9 x6ikm8r x10wlt62 x19co3pv x11tp94h xfibh0p xiy17q3 x1xsqp64 x1lkfr7t xexx8yu xyri2b x18d9i69 x1c1uobl\"><span class=\"xrtxmta x1bhl96m\">\ud83d\udcfb <\/span><\/span>Escuchar entrevista en R\u00e0dio Pineda: \u00abMarta Hern\u00e1ndez: &#8216;Networkin&#8217; L&#8217;hora del caf\u00e8 a l&#8217;Innova\u00bb<\/strong><\/a><\/p>\n","protected":false},"excerpt":{"rendered":"<p>El pasado mes de mayo me hicieron una entrevista en R\u00e0dio Pineda para hablar de La Hora del caf\u00e9, el espacio semanal de Caf\u00e9-Networking para aut\u00f3nomos y emprendedores, que dinamizo a diferentes ayuntamientos y que tan buena acogida tiene entre los profesionales que participan. Y es que no solo son espacios para hacer Networking, establecer&hellip;<\/p>\n","protected":false},"author":3,"featured_media":1140,"comment_status":"closed","ping_status":"closed","sticky":false,"template":"","format":"standard","meta":{"_joinchat":[],"footnotes":""},"categories":[31],"tags":[],"post_series":[],"class_list":["post-1064","post","type-post","status-publish","format-standard","has-post-thumbnail","hentry","category-entrevistas","entry","has-media"],"yoast_head":"<!-- This site is optimized with the Yoast SEO plugin v27.1.1 - https:\/\/yoast.com\/product\/yoast-seo-wordpress\/ -->\n<title>\u00bfLa Hora del caf\u00e9 o Terapia para aut\u00f3nomos? - ComunicAcci\u00f3 \u00b7 Connectem persones, impulsem projectes<\/title>\n<meta name=\"robots\" content=\"index, follow, max-snippet:-1, max-image-preview:large, max-video-preview:-1\" \/>\n<link rel=\"canonical\" href=\"https:\/\/comunicaccio.com\/es\/la-hora-del-cafe-o-terapia-para-autonomos\/\" \/>\n<meta property=\"og:locale\" content=\"es_ES\" \/>\n<meta property=\"og:type\" content=\"article\" \/>\n<meta property=\"og:title\" content=\"\u00bfLa Hora del caf\u00e9 o Terapia para aut\u00f3nomos? - ComunicAcci\u00f3 \u00b7 Connectem persones, impulsem projectes\" \/>\n<meta property=\"og:description\" content=\"El pasado mes de mayo me hicieron una entrevista en R\u00e0dio Pineda para hablar de La Hora del caf\u00e9, el espacio semanal de Caf\u00e9-Networking para aut\u00f3nomos y emprendedores, que dinamizo a diferentes ayuntamientos y que tan buena acogida tiene entre los profesionales que participan. Y es que no solo son espacios para hacer Networking, establecer&hellip;\" \/>\n<meta property=\"og:url\" content=\"https:\/\/comunicaccio.com\/es\/la-hora-del-cafe-o-terapia-para-autonomos\/\" \/>\n<meta property=\"og:site_name\" content=\"ComunicAcci\u00f3 \u00b7 Connectem persones, impulsem projectes\" \/>\n<meta property=\"article:author\" content=\"https:\/\/www.facebook.com\/share\/1B2bAimFqM\/\" \/>\n<meta property=\"article:published_time\" content=\"2025-05-15T11:21:27+00:00\" \/>\n<meta property=\"article:modified_time\" content=\"2025-10-21T08:58:47+00:00\" \/>\n<meta property=\"og:image\" content=\"https:\/\/comunicaccio.com\/wp-content\/uploads\/2025\/10\/entrevista-a-radio-Pineda.jpeg\" \/>\n\t<meta property=\"og:image:width\" content=\"2304\" \/>\n\t<meta property=\"og:image:height\" content=\"1536\" \/>\n\t<meta property=\"og:image:type\" content=\"image\/jpeg\" \/>\n<meta name=\"author\" content=\"Marta Herrn\u00e1ndez\" \/>\n<meta name=\"twitter:card\" content=\"summary_large_image\" \/>\n<meta name=\"twitter:label1\" content=\"Escrito por\" \/>\n\t<meta name=\"twitter:data1\" content=\"Marta Herrn\u00e1ndez\" \/>\n\t<meta name=\"twitter:label2\" content=\"Tiempo de lectura\" \/>\n\t<meta name=\"twitter:data2\" content=\"2 minutos\" \/>\n<script type=\"application\/ld+json\" class=\"yoast-schema-graph\">{\"@context\":\"https:\/\/schema.org\",\"@graph\":[{\"@type\":\"Article\",\"@id\":\"https:\/\/comunicaccio.com\/es\/la-hora-del-cafe-o-terapia-para-autonomos\/#article\",\"isPartOf\":{\"@id\":\"https:\/\/comunicaccio.com\/es\/la-hora-del-cafe-o-terapia-para-autonomos\/\"},\"author\":{\"name\":\"Marta Herrn\u00e1ndez\",\"@id\":\"https:\/\/comunicaccio.com\/#\/schema\/person\/ff63476da06c379796d19a7b68418b82\"},\"headline\":\"\u00bfLa Hora del caf\u00e9 o Terapia para aut\u00f3nomos?\",\"datePublished\":\"2025-05-15T11:21:27+00:00\",\"dateModified\":\"2025-10-21T08:58:47+00:00\",\"mainEntityOfPage\":{\"@id\":\"https:\/\/comunicaccio.com\/es\/la-hora-del-cafe-o-terapia-para-autonomos\/\"},\"wordCount\":176,\"publisher\":{\"@id\":\"https:\/\/comunicaccio.com\/#organization\"},\"image\":{\"@id\":\"https:\/\/comunicaccio.com\/es\/la-hora-del-cafe-o-terapia-para-autonomos\/#primaryimage\"},\"thumbnailUrl\":\"https:\/\/comunicaccio.com\/wp-content\/uploads\/2025\/05\/250520-Marta-Hernandez-a-Radio-Pineda.jpg\",\"articleSection\":[\"Entrevistas\"],\"inLanguage\":\"es\"},{\"@type\":\"WebPage\",\"@id\":\"https:\/\/comunicaccio.com\/es\/la-hora-del-cafe-o-terapia-para-autonomos\/\",\"url\":\"https:\/\/comunicaccio.com\/es\/la-hora-del-cafe-o-terapia-para-autonomos\/\",\"name\":\"\u00bfLa Hora del caf\u00e9 o Terapia para aut\u00f3nomos? - ComunicAcci\u00f3 \u00b7 Connectem persones, impulsem projectes\",\"isPartOf\":{\"@id\":\"https:\/\/comunicaccio.com\/#website\"},\"primaryImageOfPage\":{\"@id\":\"https:\/\/comunicaccio.com\/es\/la-hora-del-cafe-o-terapia-para-autonomos\/#primaryimage\"},\"image\":{\"@id\":\"https:\/\/comunicaccio.com\/es\/la-hora-del-cafe-o-terapia-para-autonomos\/#primaryimage\"},\"thumbnailUrl\":\"https:\/\/comunicaccio.com\/wp-content\/uploads\/2025\/05\/250520-Marta-Hernandez-a-Radio-Pineda.jpg\",\"datePublished\":\"2025-05-15T11:21:27+00:00\",\"dateModified\":\"2025-10-21T08:58:47+00:00\",\"breadcrumb\":{\"@id\":\"https:\/\/comunicaccio.com\/es\/la-hora-del-cafe-o-terapia-para-autonomos\/#breadcrumb\"},\"inLanguage\":\"es\",\"potentialAction\":[{\"@type\":\"ReadAction\",\"target\":[\"https:\/\/comunicaccio.com\/es\/la-hora-del-cafe-o-terapia-para-autonomos\/\"]}]},{\"@type\":\"ImageObject\",\"inLanguage\":\"es\",\"@id\":\"https:\/\/comunicaccio.com\/es\/la-hora-del-cafe-o-terapia-para-autonomos\/#primaryimage\",\"url\":\"https:\/\/comunicaccio.com\/wp-content\/uploads\/2025\/05\/250520-Marta-Hernandez-a-Radio-Pineda.jpg\",\"contentUrl\":\"https:\/\/comunicaccio.com\/wp-content\/uploads\/2025\/05\/250520-Marta-Hernandez-a-Radio-Pineda.jpg\",\"width\":900,\"height\":893},{\"@type\":\"BreadcrumbList\",\"@id\":\"https:\/\/comunicaccio.com\/es\/la-hora-del-cafe-o-terapia-para-autonomos\/#breadcrumb\",\"itemListElement\":[{\"@type\":\"ListItem\",\"position\":1,\"name\":\"Home\",\"item\":\"https:\/\/comunicaccio.com\/es\/\"},{\"@type\":\"ListItem\",\"position\":2,\"name\":\"\u00bfLa Hora del caf\u00e9 o Terapia para aut\u00f3nomos?\"}]},{\"@type\":\"WebSite\",\"@id\":\"https:\/\/comunicaccio.com\/#website\",\"url\":\"https:\/\/comunicaccio.com\/\",\"name\":\"ComunicAcci\u00f3 \u00b7 Connectem persones, impulsem projectes\",\"description\":\"Cetrex new project\",\"publisher\":{\"@id\":\"https:\/\/comunicaccio.com\/#organization\"},\"potentialAction\":[{\"@type\":\"SearchAction\",\"target\":{\"@type\":\"EntryPoint\",\"urlTemplate\":\"https:\/\/comunicaccio.com\/?s={search_term_string}\"},\"query-input\":{\"@type\":\"PropertyValueSpecification\",\"valueRequired\":true,\"valueName\":\"search_term_string\"}}],\"inLanguage\":\"es\"},{\"@type\":\"Organization\",\"@id\":\"https:\/\/comunicaccio.com\/#organization\",\"name\":\"ComunicAcci\u00f3 \u00b7 Connectem persones, impulsem projectes\",\"url\":\"https:\/\/comunicaccio.com\/\",\"logo\":{\"@type\":\"ImageObject\",\"inLanguage\":\"es\",\"@id\":\"https:\/\/comunicaccio.com\/#\/schema\/logo\/image\/\",\"url\":\"https:\/\/comunicaccio.com\/wp-content\/uploads\/2025\/05\/logoCOL.png\",\"contentUrl\":\"https:\/\/comunicaccio.com\/wp-content\/uploads\/2025\/05\/logoCOL.png\",\"width\":1591,\"height\":235,\"caption\":\"ComunicAcci\u00f3 \u00b7 Connectem persones, impulsem projectes\"},\"image\":{\"@id\":\"https:\/\/comunicaccio.com\/#\/schema\/logo\/image\/\"}},{\"@type\":\"Person\",\"@id\":\"https:\/\/comunicaccio.com\/#\/schema\/person\/ff63476da06c379796d19a7b68418b82\",\"name\":\"Marta Herrn\u00e1ndez\",\"image\":{\"@type\":\"ImageObject\",\"inLanguage\":\"es\",\"@id\":\"https:\/\/comunicaccio.com\/#\/schema\/person\/image\/\",\"url\":\"https:\/\/secure.gravatar.com\/avatar\/2c375e4cbb3d88a61faa5e62d177f47f21faa7d631ec40e56c2b806d387f93f1?s=96&d=mm&r=g\",\"contentUrl\":\"https:\/\/secure.gravatar.com\/avatar\/2c375e4cbb3d88a61faa5e62d177f47f21faa7d631ec40e56c2b806d387f93f1?s=96&d=mm&r=g\",\"caption\":\"Marta Herrn\u00e1ndez\"},\"sameAs\":[\"https:\/\/comunicaccio.com\/\",\"https:\/\/www.facebook.com\/share\/1B2bAimFqM\/\",\"https:\/\/www.instagram.com\/martahernandezactriz\",\"https:\/\/www.linkedin.com\/in\/martahernandezjodar\"],\"url\":\"https:\/\/comunicaccio.com\/es\/author\/marta-hernandez\/\"}]}<\/script>\n<!-- \/ Yoast SEO plugin. -->","yoast_head_json":{"title":"\u00bfLa Hora del caf\u00e9 o Terapia para aut\u00f3nomos? - ComunicAcci\u00f3 \u00b7 Connectem persones, impulsem projectes","robots":{"index":"index","follow":"follow","max-snippet":"max-snippet:-1","max-image-preview":"max-image-preview:large","max-video-preview":"max-video-preview:-1"},"canonical":"https:\/\/comunicaccio.com\/es\/la-hora-del-cafe-o-terapia-para-autonomos\/","og_locale":"es_ES","og_type":"article","og_title":"\u00bfLa Hora del caf\u00e9 o Terapia para aut\u00f3nomos? - ComunicAcci\u00f3 \u00b7 Connectem persones, impulsem projectes","og_description":"El pasado mes de mayo me hicieron una entrevista en R\u00e0dio Pineda para hablar de La Hora del caf\u00e9, el espacio semanal de Caf\u00e9-Networking para aut\u00f3nomos y emprendedores, que dinamizo a diferentes ayuntamientos y que tan buena acogida tiene entre los profesionales que participan. Y es que no solo son espacios para hacer Networking, establecer&hellip;","og_url":"https:\/\/comunicaccio.com\/es\/la-hora-del-cafe-o-terapia-para-autonomos\/","og_site_name":"ComunicAcci\u00f3 \u00b7 Connectem persones, impulsem projectes","article_author":"https:\/\/www.facebook.com\/share\/1B2bAimFqM\/","article_published_time":"2025-05-15T11:21:27+00:00","article_modified_time":"2025-10-21T08:58:47+00:00","og_image":[{"width":2304,"height":1536,"url":"https:\/\/comunicaccio.com\/wp-content\/uploads\/2025\/10\/entrevista-a-radio-Pineda.jpeg","type":"image\/jpeg"}],"author":"Marta Herrn\u00e1ndez","twitter_card":"summary_large_image","twitter_misc":{"Escrito por":"Marta Herrn\u00e1ndez","Tiempo de lectura":"2 minutos"},"schema":{"@context":"https:\/\/schema.org","@graph":[{"@type":"Article","@id":"https:\/\/comunicaccio.com\/es\/la-hora-del-cafe-o-terapia-para-autonomos\/#article","isPartOf":{"@id":"https:\/\/comunicaccio.com\/es\/la-hora-del-cafe-o-terapia-para-autonomos\/"},"author":{"name":"Marta Herrn\u00e1ndez","@id":"https:\/\/comunicaccio.com\/#\/schema\/person\/ff63476da06c379796d19a7b68418b82"},"headline":"\u00bfLa Hora del caf\u00e9 o Terapia para aut\u00f3nomos?","datePublished":"2025-05-15T11:21:27+00:00","dateModified":"2025-10-21T08:58:47+00:00","mainEntityOfPage":{"@id":"https:\/\/comunicaccio.com\/es\/la-hora-del-cafe-o-terapia-para-autonomos\/"},"wordCount":176,"publisher":{"@id":"https:\/\/comunicaccio.com\/#organization"},"image":{"@id":"https:\/\/comunicaccio.com\/es\/la-hora-del-cafe-o-terapia-para-autonomos\/#primaryimage"},"thumbnailUrl":"https:\/\/comunicaccio.com\/wp-content\/uploads\/2025\/05\/250520-Marta-Hernandez-a-Radio-Pineda.jpg","articleSection":["Entrevistas"],"inLanguage":"es"},{"@type":"WebPage","@id":"https:\/\/comunicaccio.com\/es\/la-hora-del-cafe-o-terapia-para-autonomos\/","url":"https:\/\/comunicaccio.com\/es\/la-hora-del-cafe-o-terapia-para-autonomos\/","name":"\u00bfLa Hora del caf\u00e9 o Terapia para aut\u00f3nomos? - ComunicAcci\u00f3 \u00b7 Connectem persones, impulsem projectes","isPartOf":{"@id":"https:\/\/comunicaccio.com\/#website"},"primaryImageOfPage":{"@id":"https:\/\/comunicaccio.com\/es\/la-hora-del-cafe-o-terapia-para-autonomos\/#primaryimage"},"image":{"@id":"https:\/\/comunicaccio.com\/es\/la-hora-del-cafe-o-terapia-para-autonomos\/#primaryimage"},"thumbnailUrl":"https:\/\/comunicaccio.com\/wp-content\/uploads\/2025\/05\/250520-Marta-Hernandez-a-Radio-Pineda.jpg","datePublished":"2025-05-15T11:21:27+00:00","dateModified":"2025-10-21T08:58:47+00:00","breadcrumb":{"@id":"https:\/\/comunicaccio.com\/es\/la-hora-del-cafe-o-terapia-para-autonomos\/#breadcrumb"},"inLanguage":"es","potentialAction":[{"@type":"ReadAction","target":["https:\/\/comunicaccio.com\/es\/la-hora-del-cafe-o-terapia-para-autonomos\/"]}]},{"@type":"ImageObject","inLanguage":"es","@id":"https:\/\/comunicaccio.com\/es\/la-hora-del-cafe-o-terapia-para-autonomos\/#primaryimage","url":"https:\/\/comunicaccio.com\/wp-content\/uploads\/2025\/05\/250520-Marta-Hernandez-a-Radio-Pineda.jpg","contentUrl":"https:\/\/comunicaccio.com\/wp-content\/uploads\/2025\/05\/250520-Marta-Hernandez-a-Radio-Pineda.jpg","width":900,"height":893},{"@type":"BreadcrumbList","@id":"https:\/\/comunicaccio.com\/es\/la-hora-del-cafe-o-terapia-para-autonomos\/#breadcrumb","itemListElement":[{"@type":"ListItem","position":1,"name":"Home","item":"https:\/\/comunicaccio.com\/es\/"},{"@type":"ListItem","position":2,"name":"\u00bfLa Hora del caf\u00e9 o Terapia para aut\u00f3nomos?"}]},{"@type":"WebSite","@id":"https:\/\/comunicaccio.com\/#website","url":"https:\/\/comunicaccio.com\/","name":"ComunicAcci\u00f3 \u00b7 Connectem persones, impulsem projectes","description":"Cetrex new project","publisher":{"@id":"https:\/\/comunicaccio.com\/#organization"},"potentialAction":[{"@type":"SearchAction","target":{"@type":"EntryPoint","urlTemplate":"https:\/\/comunicaccio.com\/?s={search_term_string}"},"query-input":{"@type":"PropertyValueSpecification","valueRequired":true,"valueName":"search_term_string"}}],"inLanguage":"es"},{"@type":"Organization","@id":"https:\/\/comunicaccio.com\/#organization","name":"ComunicAcci\u00f3 \u00b7 Connectem persones, impulsem projectes","url":"https:\/\/comunicaccio.com\/","logo":{"@type":"ImageObject","inLanguage":"es","@id":"https:\/\/comunicaccio.com\/#\/schema\/logo\/image\/","url":"https:\/\/comunicaccio.com\/wp-content\/uploads\/2025\/05\/logoCOL.png","contentUrl":"https:\/\/comunicaccio.com\/wp-content\/uploads\/2025\/05\/logoCOL.png","width":1591,"height":235,"caption":"ComunicAcci\u00f3 \u00b7 Connectem persones, impulsem projectes"},"image":{"@id":"https:\/\/comunicaccio.com\/#\/schema\/logo\/image\/"}},{"@type":"Person","@id":"https:\/\/comunicaccio.com\/#\/schema\/person\/ff63476da06c379796d19a7b68418b82","name":"Marta Herrn\u00e1ndez","image":{"@type":"ImageObject","inLanguage":"es","@id":"https:\/\/comunicaccio.com\/#\/schema\/person\/image\/","url":"https:\/\/secure.gravatar.com\/avatar\/2c375e4cbb3d88a61faa5e62d177f47f21faa7d631ec40e56c2b806d387f93f1?s=96&d=mm&r=g","contentUrl":"https:\/\/secure.gravatar.com\/avatar\/2c375e4cbb3d88a61faa5e62d177f47f21faa7d631ec40e56c2b806d387f93f1?s=96&d=mm&r=g","caption":"Marta Herrn\u00e1ndez"},"sameAs":["https:\/\/comunicaccio.com\/","https:\/\/www.facebook.com\/share\/1B2bAimFqM\/","https:\/\/www.instagram.com\/martahernandezactriz","https:\/\/www.linkedin.com\/in\/martahernandezjodar"],"url":"https:\/\/comunicaccio.com\/es\/author\/marta-hernandez\/"}]}},"_links":{"self":[{"href":"https:\/\/comunicaccio.com\/es\/wp-json\/wp\/v2\/posts\/1064","targetHints":{"allow":["GET"]}}],"collection":[{"href":"https:\/\/comunicaccio.com\/es\/wp-json\/wp\/v2\/posts"}],"about":[{"href":"https:\/\/comunicaccio.com\/es\/wp-json\/wp\/v2\/types\/post"}],"author":[{"embeddable":true,"href":"https:\/\/comunicaccio.com\/es\/wp-json\/wp\/v2\/users\/3"}],"replies":[{"embeddable":true,"href":"https:\/\/comunicaccio.com\/es\/wp-json\/wp\/v2\/comments?post=1064"}],"version-history":[{"count":6,"href":"https:\/\/comunicaccio.com\/es\/wp-json\/wp\/v2\/posts\/1064\/revisions"}],"predecessor-version":[{"id":1121,"href":"https:\/\/comunicaccio.com\/es\/wp-json\/wp\/v2\/posts\/1064\/revisions\/1121"}],"wp:featuredmedia":[{"embeddable":true,"href":"https:\/\/comunicaccio.com\/es\/wp-json\/wp\/v2\/media\/1140"}],"wp:attachment":[{"href":"https:\/\/comunicaccio.com\/es\/wp-json\/wp\/v2\/media?parent=1064"}],"wp:term":[{"taxonomy":"category","embeddable":true,"href":"https:\/\/comunicaccio.com\/es\/wp-json\/wp\/v2\/categories?post=1064"},{"taxonomy":"post_tag","embeddable":true,"href":"https:\/\/comunicaccio.com\/es\/wp-json\/wp\/v2\/tags?post=1064"},{"taxonomy":"post_series","embeddable":true,"href":"https:\/\/comunicaccio.com\/es\/wp-json\/wp\/v2\/post_series?post=1064"}],"curies":[{"name":"wp","href":"https:\/\/api.w.org\/{rel}","templated":true}]}}